[{"@context":"https:\/\/schema.org\/","@type":"Article","@id":"https:\/\/www.minimali.cz\/premyslite-nad-tim-jak-ozvlastnit-vasi-spolecenskou-akci\/#Article","mainEntityOfPage":"https:\/\/www.minimali.cz\/premyslite-nad-tim-jak-ozvlastnit-vasi-spolecenskou-akci\/","headline":"P\u0159em\u00fd\u0161l\u00edte nad t\u00edm, jak ozvl\u00e1\u0161tnit va\u0161i spole\u010denskou akci?","name":"P\u0159em\u00fd\u0161l\u00edte nad t\u00edm, jak ozvl\u00e1\u0161tnit va\u0161i spole\u010denskou akci?","description":"Jak ji ud\u011blat pro lidi je\u0161t\u011b v\u00edce zaj\u00edmavou a nezapomenutelnou? Jak lidem dop\u0159\u00e1t z\u00e1\u017eitky, na kter\u00e9 budou moci je\u0161t\u011b dlouho vzpom\u00ednat?&#13; Pokud se jedn\u00e1 o organizaci plesu, pak je jist\u00e9, \u017ee na n\u011bm nesm\u00ed chyb\u011bt hudba. Takov\u00e1, na kterou si v\u0161ichni host\u00e9 r\u00e1di zatan\u010d\u00ed. Je\u0161t\u011b lep\u0161\u00ed to bude se \u017eivou kapelou, pozvat m\u016f\u017eete i zaj\u00edmav\u00e9...","datePublished":"2020-02-25","dateModified":"2023-06-01","author":{"@type":"Person","@id":"https:\/\/www.minimali.cz\/author\/#Person","name":"","url":"https:\/\/www.minimali.cz\/author\/","identifier":1,"image":{"@type":"ImageObject","@id":"https:\/\/secure.gravatar.com\/avatar\/b86e461e91a792eb6523c2667396c9868de382fea5dd80e25dc0d9e030173b65?s=96&d=mm&r=g","url":"https:\/\/secure.gravatar.com\/avatar\/b86e461e91a792eb6523c2667396c9868de382fea5dd80e25dc0d9e030173b65?s=96&d=mm&r=g","height":96,"width":96}},"publisher":{"@type":"Organization","name":"minimali.cz","logo":{"@type":"ImageObject","@id":"\/logo.png","url":"\/logo.png","width":600,"height":60}},"image":{"@type":"ImageObject","@id":"https:\/\/www.minimali.cz\/wp-content\/uploads\/img_a376000_w4371_t1587532263.jpg","url":"https:\/\/www.minimali.cz\/wp-content\/uploads\/img_a376000_w4371_t1587532263.jpg","height":0,"width":0},"url":"https:\/\/www.minimali.cz\/premyslite-nad-tim-jak-ozvlastnit-vasi-spolecenskou-akci\/","about":["Web"],"wordCount":415,"articleBody":"Jak ji ud\u011blat pro lidi je\u0161t\u011b v\u00edce zaj\u00edmavou a nezapomenutelnou? Jak lidem dop\u0159\u00e1t z\u00e1\u017eitky, na kter\u00e9 budou moci je\u0161t\u011b dlouho vzpom\u00ednat?&#13; Pokud se jedn\u00e1 o organizaci plesu, pak je jist\u00e9, \u017ee na n\u011bm nesm\u00ed chyb\u011bt hudba. Takov\u00e1, na kterou si v\u0161ichni host\u00e9 r\u00e1di zatan\u010d\u00ed. Je\u0161t\u011b lep\u0161\u00ed to bude se \u017eivou kapelou, pozvat m\u016f\u017eete i zaj\u00edmav\u00e9 hosty. A chyb\u011bt nesm\u00ed ani dobr\u00e9 j\u00eddlo a pit\u00ed. Jen\u017ee co kdy\u017e chcete je\u0161t\u011b n\u011bco zaj\u00edmav\u00e9ho nav\u00edc?&#13; Co t\u0159eba jedine\u010dn\u00fd fotokoutek na ples t? Na ten va\u0161i n\u00e1v\u0161t\u011bvn\u00edci jen tak n\u011bkde nenaraz\u00ed, a p\u0159itom se jedn\u00e1 o skv\u011bl\u00fd zp\u016fsob, jak plesov\u00e9 z\u00e1bav\u011b dodat je\u0161t\u011b jin\u00fd rozm\u011br.&#13; Focen\u00ed s pomoc\u00ed photoboxu je z\u00e1bavn\u00e9, proto\u017ee v sob\u011b v jednom spojuje z\u00e1\u017eitek a kr\u00e1snou vzpom\u00ednku. A je to \u00fapln\u011b o n\u011b\u010dem jin\u00e9m, ne\u017e kdybyste vytvo\u0159ili selfie sv\u00fdm mobilem. Fotokoutek v\u00e1m umo\u017en\u00ed z\u00edskat hned na m\u00edst\u011b profesion\u00e1ln\u00ed sn\u00edmky, kter\u00e9 se svou kvalitou vyrovnaj\u00ed studiov\u00e9 fotografii. Na m\u00edst\u011b je toti\u017e p\u0159\u00edtomn\u00e1 i odborn\u00e1 obsluha, kter\u00e1 moc dob\u0159e v\u00ed, co kvalitn\u00ed sn\u00edmky pot\u0159ebuj\u00ed.&#13; Jen\u017ee to je\u0161t\u011b nen\u00ed v\u0161echno \u2013 v tomto p\u0159\u00edpad\u011b toti\u017e m\u016f\u017eete vyu\u017e\u00edt i celou \u0159adu zaj\u00edmav\u00fdch rekvizit. M\u016f\u017eete pou\u017e\u00edvat \u0161ablony, n\u00e1pisy, p\u0159evleky. Mo\u017en\u00e9 je podle pot\u0159eby m\u011bnit i pozad\u00ed. V\u00e1\u0161 sn\u00edmek proto bude v\u017edy origin\u00e1l!&#13; A tento origin\u00e1l si m\u016f\u017eete nechat na m\u00edst\u011b vytisknout na kvalitn\u00ed pap\u00edr, anebo ho odeslat na email \u010di um\u00edstit na soci\u00e1ln\u00ed s\u00edt\u011b. Z\u00edsk\u00e1te tak jedine\u010dn\u00fd z\u00e1\u017eitek a kr\u00e1snou vzpom\u00ednku na akci v jednom!&#13; Tak\u017ee si m\u016f\u017eete b\u00fdt jisti t\u00edm, \u017ee kdy\u017e se takov\u00e1 p\u0159\u00edle\u017eitost na va\u0161\u00ed akci objev\u00ed, bude okolo photoboxu okam\u017eit\u011b ru\u0161no. Takovou exkluzivn\u00ed p\u0159\u00edle\u017eitost zv\u011b\u010dnit se v origin\u00e1ln\u00edm proveden\u00ed si toti\u017e nikdo nenech\u00e1 uj\u00edt!&#13; Jak je vid\u011bt, zajistit n\u011bco zaj\u00edmav\u00e9ho, co lidi zaujme a va\u0161\u00ed akci to dod\u00e1 dal\u0161\u00ed rozm\u011br, nemus\u00ed b\u00fdt v\u016fbec slo\u017eit\u00e9. A pokud jde o cenu t\u00e9to atrakce, tak ta je vskutku lidov\u00e1 a v\u00e1\u0161 rozpo\u010det na lopatky rozhodn\u011b nepolo\u017e\u00ed!&#13; &#13;                                                                                                                                                                                                                                                                                                                                                                                         3.2\/5 - (8 votes)        "},{"@context":"https:\/\/schema.org\/","@type":"BreadcrumbList","itemListElement":[{"@type":"ListItem","position":1,"name":"P\u0159em\u00fd\u0161l\u00edte nad t\u00edm, jak ozvl\u00e1\u0161tnit va\u0161i spole\u010denskou akci?","item":"https:\/\/www.minimali.cz\/premyslite-nad-tim-jak-ozvlastnit-vasi-spolecenskou-akci\/#breadcrumbitem"}]}]