{"@context":"https:\/\/schema.org\/","@type":"CollectionPage","@id":"https:\/\/www.minimali.cz\/zivotni-styl\/#CollectionPage","headline":"\u017divotn\u00ed styl\r Category","description":"","url":"https:\/\/www.minimali.cz\/zivotni-styl\/","hasPart":[{"@type":"Article","@id":"https:\/\/www.minimali.cz\/jak-udrzet-zivotni-styl\/","headline":"Jak udr\u017eet \u017eivotn\u00ed styl?","url":"https:\/\/www.minimali.cz\/jak-udrzet-zivotni-styl\/","datePublished":"2022-03-31","dateModified":"2023-06-01","mainEntityOfPage":"https:\/\/www.minimali.cz\/jak-udrzet-zivotni-styl\/","author":{"@type":"Person","@id":"https:\/\/www.minimali.cz\/author\/#Person","name":"","url":"https:\/\/www.minimali.cz\/author\/","identifier":1,"image":{"@type":"ImageObject","@id":"https:\/\/secure.gravatar.com\/avatar\/b86e461e91a792eb6523c2667396c9868de382fea5dd80e25dc0d9e030173b65?s=96&d=mm&r=g","url":"https:\/\/secure.gravatar.com\/avatar\/b86e461e91a792eb6523c2667396c9868de382fea5dd80e25dc0d9e030173b65?s=96&d=mm&r=g","height":96,"width":96}},"publisher":{"@type":"Organization","name":"minimali.cz","logo":{"@type":"ImageObject","@id":"\/logo.png","url":"\/logo.png","width":600,"height":60}},"image":{"@type":"ImageObject","@id":"https:\/\/www.minimali.cz\/wp-content\/uploads\/zdrav%C3%BD%20%C5%BEivotn%C3%AD%20styl_1.jpeg","url":"https:\/\/www.minimali.cz\/wp-content\/uploads\/zdrav%C3%BD%20%C5%BEivotn%C3%AD%20styl_1.jpeg","height":0,"width":0},"keywords":null},{"@type":"Article","@id":"https:\/\/www.minimali.cz\/zasady-zdraveho-zivotniho-stylu\/","headline":"Z\u00e1sady zdrav\u00e9ho \u017eivotn\u00edho stylu","url":"https:\/\/www.minimali.cz\/zasady-zdraveho-zivotniho-stylu\/","datePublished":"2020-02-24","dateModified":"2023-06-01","mainEntityOfPage":"https:\/\/www.minimali.cz\/zasady-zdraveho-zivotniho-stylu\/","author":{"@type":"Person","@id":"https:\/\/www.minimali.cz\/author\/#Person","name":"","url":"https:\/\/www.minimali.cz\/author\/","identifier":1,"image":{"@type":"ImageObject","@id":"https:\/\/secure.gravatar.com\/avatar\/b86e461e91a792eb6523c2667396c9868de382fea5dd80e25dc0d9e030173b65?s=96&d=mm&r=g","url":"https:\/\/secure.gravatar.com\/avatar\/b86e461e91a792eb6523c2667396c9868de382fea5dd80e25dc0d9e030173b65?s=96&d=mm&r=g","height":96,"width":96}},"publisher":{"@type":"Organization","name":"minimali.cz","logo":{"@type":"ImageObject","@id":"\/logo.png","url":"\/logo.png","width":600,"height":60}},"image":{"@type":"ImageObject","@id":"https:\/\/www.minimali.cz\/wp-content\/uploads\/img_a370065_w3231_t1581864296.jpg","url":"https:\/\/www.minimali.cz\/wp-content\/uploads\/img_a370065_w3231_t1581864296.jpg","height":0,"width":0},"keywords":null},{"@type":"Article","@id":"https:\/\/www.minimali.cz\/jake-je-to-byt-introvertem-nebo-extrovertem\/","headline":"Jak\u00e9 je to b\u00fdt introvertem nebo extrovertem","url":"https:\/\/www.minimali.cz\/jake-je-to-byt-introvertem-nebo-extrovertem\/","datePublished":"2018-11-05","dateModified":"2023-06-01","mainEntityOfPage":"https:\/\/www.minimali.cz\/jake-je-to-byt-introvertem-nebo-extrovertem\/","author":{"@type":"Person","@id":"https:\/\/www.minimali.cz\/author\/#Person","name":"","url":"https:\/\/www.minimali.cz\/author\/","identifier":1,"image":{"@type":"ImageObject","@id":"https:\/\/secure.gravatar.com\/avatar\/b86e461e91a792eb6523c2667396c9868de382fea5dd80e25dc0d9e030173b65?s=96&d=mm&r=g","url":"https:\/\/secure.gravatar.com\/avatar\/b86e461e91a792eb6523c2667396c9868de382fea5dd80e25dc0d9e030173b65?s=96&d=mm&r=g","height":96,"width":96}},"publisher":{"@type":"Organization","name":"minimali.cz","logo":{"@type":"ImageObject","@id":"\/logo.png","url":"\/logo.png","width":600,"height":60}},"image":{"@type":"ImageObject","@id":"https:\/\/www.minimali.cz\/wp-content\/uploads\/img_a330491_w2631_t1543052040.jpg","url":"https:\/\/www.minimali.cz\/wp-content\/uploads\/img_a330491_w2631_t1543052040.jpg","height":0,"width":0},"keywords":null}]}